{"id":424,"date":"2022-12-14T17:37:29","date_gmt":"2022-12-14T20:37:29","guid":{"rendered":"https:\/\/aisthesisestetica.com.br\/blog\/?p=424"},"modified":"2023-02-15T14:09:36","modified_gmt":"2023-02-15T17:09:36","slug":"pilates-emagrece","status":"publish","type":"post","link":"https:\/\/aisthesisestetica.com.br\/blog\/pilates-emagrece\/","title":{"rendered":"Pilates &#8211; Alinhando Corpo e Mente"},"content":{"rendered":"<p class=\"estimated-read-time\">Tempo de leitura:<small> 6 minutos<\/small><\/p> <p><strong><img loading=\"lazy\" decoding=\"async\" class=\"aligncenter wp-image-429 size-full\" src=\"https:\/\/aisthesisestetica.com.br\/blog\/wp-content\/uploads\/2022\/12\/Pilates-Barrel.jpg\" alt=\"Pilates Emagrece\" width=\"800\" height=\"600\" srcset=\"https:\/\/aisthesisestetica.com.br\/blog\/wp-content\/uploads\/2022\/12\/Pilates-Barrel.jpg 800w, https:\/\/aisthesisestetica.com.br\/blog\/wp-content\/uploads\/2022\/12\/Pilates-Barrel-300x225.jpg 300w, https:\/\/aisthesisestetica.com.br\/blog\/wp-content\/uploads\/2022\/12\/Pilates-Barrel-768x576.jpg 768w\" sizes=\"auto, (max-width: 800px) 100vw, 800px\" \/><\/strong>O m\u00e9todo Pilates \u00e9 uma pr\u00e1tica que ganhou muita popularidade nos \u00faltimos anos devido aos seus in\u00fameros benef\u00edcios para o corpo e a mente. Criado por Joseph Pilates no in\u00edcio do s\u00e9culo XX, o Pilates \u00e9 um treinamento que busca o equil\u00edbrio entre o corpo e a mente, fortalecendo m\u00fasculos, melhorando a postura e reduzindo o estresse. Alguns perguntam-se se o pilates emagrece tamb\u00e9m.Neste post, vamos responder essa pergunta e explorar mais a fundo os benef\u00edcios do Pilates, sua hist\u00f3ria e como ele pode ser incorporado \u00e0 sua rotina de exerc\u00edcios.<strong><br \/>\n<\/strong><\/p>\n<h2><strong>Como surgiu o pilates?<\/strong><\/h2>\n<p>Joseph H. Pilates, nasceu em 09 de dezembro de 1883 na Alemanha; seu pai trabalhava na constru\u00e7\u00e3o civil, foi boxeador e ginasta e sua m\u00e3e era neuropata.<\/p>\n<p>Ele foi uma crian\u00e7a doente que sofria de febre reum\u00e1tica, raquitismo e asma; esse fato motivou Joe a se tornar atleta, iniciando nos centros desportivos da cidade. Neste per\u00edodo Joseph aprendeu os<strong> tr\u00eas P &#8211; Pr\u00e1tica; Persist\u00eancia e Perseveran\u00e7a<\/strong>, que tornou lema para toda vida.<\/p>\n<p>Durante a 1\u00aa guerra mundial Joseph estava na Inglaterra e foi exilado por ser considerado um inimigo estrangeiro. No campo de concentra\u00e7\u00e3o come\u00e7ou a ensinar a sua rotina de exerc\u00edcios para os demais.<img loading=\"lazy\" decoding=\"async\" class=\"alignright wp-image-431 size-medium\" src=\"https:\/\/aisthesisestetica.com.br\/blog\/wp-content\/uploads\/2022\/12\/Joseph-Pilates-300x187.png\" alt=\"Joseph Pilates\" width=\"300\" height=\"187\" srcset=\"https:\/\/aisthesisestetica.com.br\/blog\/wp-content\/uploads\/2022\/12\/Joseph-Pilates-300x187.png 300w, https:\/\/aisthesisestetica.com.br\/blog\/wp-content\/uploads\/2022\/12\/Joseph-Pilates.png 730w\" sizes=\"auto, (max-width: 300px) 100vw, 300px\" \/><\/p>\n<p>Em 1918 ocorreu uma epidemia e Joe trabalhou como enfermeiro em um hospital, ali utilizou molas das camas para aplicar resist\u00eancia e assist\u00eancia aos m\u00fasculos e articula\u00e7\u00f5es. Essa experi\u00eancia na reabilita\u00e7\u00e3o dos soldados foi o in\u00edcio do m\u00e9todo pilates.<\/p>\n<p>&nbsp;<\/p>\n<p>Joseph em 1926 emigrou para os Estados Unidos e durante a viagem de navio conheceu uma jovem enfermeira chamada <a href=\"https:\/\/pilates.com.br\/mulheres-que-mudaram-o-mundo-clara-pilates\/#\">Clara Zeuner<\/a>, que se tornou sua esposa. Juntos abriram um Est\u00fadio de Pilates na Cidade de Nova York.<\/p>\n<p>Joe faleceu em 1967 na cidade de Nova York, Clara sua esposa juntamente com Romana Kryzanowska assumiram a responsabilidade e continuaram a administra\u00e7\u00e3o do Est\u00fadio.<\/p>\n<h2><strong>Objetivos do M\u00e9todo Pilates:<\/strong><\/h2>\n<ol>\n<li>Melhora Integral da Sa\u00fade;<\/li>\n<li>Desenvolvimento Muscular Uniforme de todo o Corpo;<img loading=\"lazy\" decoding=\"async\" class=\"alignright wp-image-432 size-medium\" src=\"https:\/\/aisthesisestetica.com.br\/blog\/wp-content\/uploads\/2022\/12\/Pilates-Cadillac-300x240.png\" alt=\"Pilates Emagrece\" width=\"300\" height=\"240\" srcset=\"https:\/\/aisthesisestetica.com.br\/blog\/wp-content\/uploads\/2022\/12\/Pilates-Cadillac-300x240.png 300w, https:\/\/aisthesisestetica.com.br\/blog\/wp-content\/uploads\/2022\/12\/Pilates-Cadillac.png 473w\" sizes=\"auto, (max-width: 300px) 100vw, 300px\" \/><\/li>\n<li>Respira\u00e7\u00e3o;<\/li>\n<\/ol>\n<p>O m\u00e9todo pilates pode ser realizado por pessoas de todas as idades, trabalhando condicionamento f\u00edsico e mental do corpo de forma global.<\/p>\n<p>O pilates \u00e9 baseado em exerc\u00edcios adequados para a necessidade de cada praticante aliando for\u00e7a, alongamento e equil\u00edbrio com \u00eanfase na musculatura e postura de cada indiv\u00edduo.<\/p>\n<blockquote><p>&#8221; Com 10 sess\u00f5es voc\u00ea perceber\u00e1 a diferen\u00e7a, com 20 sess\u00f5es os outros ir\u00e3o perceber a diferen\u00e7a e com 30 sess\u00f5es voc\u00ea ter\u00e1 um novo corpo.&#8221;\u00a0 \u00a0 Joseph Pilates<\/p><\/blockquote>\n<h2><strong>Contrologia do Pilates:<\/strong><\/h2>\n<blockquote><p>&#8221; Desenvolve um corpo uniforme, corrige posturas erradas, restaura a vitalidade f\u00edsica, vigora a mente e eleva o esp\u00edrito&#8221;. Joseph Pilates<\/p><\/blockquote>\n<p>Controle da mente sobre nossos m\u00fasculos e membros.<\/p>\n<p>Os movimentos trabalham cada m\u00fasculo com objetivo de alongar e fortalecer.<\/p>\n<h2><strong>6 Princ\u00edpios do Pilates:<\/strong><\/h2>\n<ol>\n<li>Respira\u00e7\u00e3o:<\/li>\n<\/ol>\n<p>A respira\u00e7\u00e3o deve ser realizada de forma plena.<\/p>\n<p>O ciclo respirat\u00f3rio como norma geral deve ser:<\/p>\n<ul>\n<li>Inspira\u00e7\u00e3o tor\u00e1cica para preparar o exerc\u00edcio;<\/li>\n<li>Expira\u00e7\u00e3o do t\u00f3rax superior;<\/li>\n<li>Expira\u00e7\u00e3o do t\u00f3rax inferior;<\/li>\n<li>Expira\u00e7\u00e3o abdominal durante a execu\u00e7\u00e3o;<\/li>\n<\/ul>\n<p>Uma respira\u00e7\u00e3o bem executada \u00e9 essencial para que o corpo funcione corretamente, organizando tronco; coluna e pelve; al\u00e9m de melhorar a oxigena\u00e7\u00e3o tecidual, aumenta a capacidade pulmonar e promove relaxamento<\/p>\n<p>2. Concentra\u00e7\u00e3o:<\/p>\n<p>A concentra\u00e7\u00e3o baseia-se na consci\u00eancia corporal para um bom movimento com a ativa\u00e7\u00e3o correta de cada musculatura, para que o exerc\u00edcio seja feito corretamente com a maior efic\u00e1cia poss\u00edvel.<\/p>\n<p>A concentra\u00e7\u00e3o melhora o equil\u00edbrio, a coordena\u00e7\u00e3o, mem\u00f3ria, al\u00e9m de ajudar a desestressar.<\/p>\n<p>3. Centraliza\u00e7\u00e3o &#8211; Power House:<\/p>\n<p>O power house cria uma estrutura de suporte respons\u00e1vel pela sustenta\u00e7\u00e3o da coluna e \u00f3rg\u00e3os internos.<\/p>\n<p>O centro de for\u00e7a \u00e9 constitu\u00eddo pelos seguintes m\u00fasculos:<\/p>\n<ul>\n<li>Parede abdominal anterior;<\/li>\n<li>Parede abdominal posterior;<\/li>\n<li>Extensores e flexores de quadril;<\/li>\n<li>Assoalho p\u00e9lvico;<\/li>\n<\/ul>\n<p>Esta estabiliza\u00e7\u00e3o \u00e9 muito importante para uma boa postura; traz benef\u00edcios para problemas de coluna, tornando mais flu\u00edda a movimenta\u00e7\u00e3o e o funcionamento de \u00f3rg\u00e3o como pulm\u00e3o, bexiga e intestino.<\/p>\n<p>4. Controle:<\/p>\n<p>O controle \u00e9 fundamental para alcan\u00e7ar a qualidade do movimento.<\/p>\n<p>Devemos controlar os movimentos, a respira\u00e7\u00e3o e a concentra\u00e7\u00e3o; o corpo e o equil\u00edbrio para que o exerc\u00edcio seja o mais eficaz poss\u00edvel &#8220;Arte da Contrologia&#8221;.<\/p>\n<p>Um bom controle aprimora a coordena\u00e7\u00e3o motora e evita contra\u00e7\u00f5es musculares inadequadas e indesej\u00e1veis, diminuindo o risco de les\u00f5es e estimula as fun\u00e7\u00f5es cerebrais.<\/p>\n<p>5. Precis\u00e3o:<\/p>\n<p>A precis\u00e3o \u00e9 importante para colocar o corpo no eixo certo. Consiste no refinamento do controle e equil\u00edbrio; cria uma disciplina corporal dentro das posturas.<\/p>\n<p>A precis\u00e3o ir\u00e1 ativar a musculatura que realmente precisa estar envolvida naquele exerc\u00edcio, evitando compensa\u00e7\u00f5es, melhorando a postura do praticante.<\/p>\n<p>6. Fluidez:<\/p>\n<p>A beleza do exerc\u00edcio. S\u00e3o movimentos realizados com leveza, evitando impacto e movimentos pesados, deve ser uma sequ\u00eancia graciosa e leve como uma dan\u00e7a.<\/p>\n<p>A fluidez trabalha cogni\u00e7\u00e3o e autoconfian\u00e7a. \u00c9 comum algumas pessoas se perguntarem se pilates emagrece tamb\u00e9m, responderemos abaixo!<\/p>\n<h2><strong>Pilates Emagrece?<\/strong><\/h2>\n<p>Pilates \u00e9 um tipo de exerc\u00edcio que pode ajudar a emagrecer, embora n\u00e3o seja t\u00e3o eficaz para perda de peso quanto atividades aer\u00f3bicas intensas como corrida, nata\u00e7\u00e3o ou ciclismo.<\/p>\n<p>No entanto, o Pilates pode ajudar a aumentar a for\u00e7a muscular, melhorar a postura, aumentar a flexibilidade e reduzir o estresse. Al\u00e9m disso, como \u00e9 um exerc\u00edcio de baixo impacto, pode ser uma boa op\u00e7\u00e3o para pessoas que est\u00e3o acima do peso ou que t\u00eam les\u00f5es ou problemas articulares.<\/p>\n<p>O Pilates pode ser uma parte importante de um programa de perda de peso, especialmente quando combinado com uma dieta saud\u00e1vel e atividades aer\u00f3bicas. No entanto, \u00e9 importante lembrar que a perda de peso \u00e9 um processo que envolve uma combina\u00e7\u00e3o de exerc\u00edcio, dieta e mudan\u00e7as de estilo de vida, e n\u00e3o depende apenas de um \u00fanico tipo de exerc\u00edcio<\/p>\n<p>Temos tamb\u00e9m alternativas de tratamentos complementares que junto de pilates e boa alimenta\u00e7\u00e3o podem trazer excelentes resultados est\u00e9ticos na redu\u00e7\u00e3o de gordura e <a href=\"https:\/\/aisthesisestetica.com.br\/blog\/flacidez-como-ela-evolui-o-que-fazer-para-amenizar\/\">flacidez<\/a> como a <a href=\"https:\/\/aisthesisestetica.com.br\/blog\/criofrequencia-como-funciona-conheca-mais-essa-tecnologia\/\">criolip\u00f3lise<\/a> e o <a href=\"https:\/\/aisthesisestetica.com.br\/blog\/dual-soon-o-que-e-e-para-que-serve-este-equipamento\/\">ultrassom focalizado<\/a>.<\/p>\n<h2><strong>Res<\/strong><strong>umo dos Princ\u00edpios do Pilates:<\/strong><\/h2>\n<p>Para mais informa\u00e7\u00f5es sobre as <a href=\"https:\/\/aisthesisestetica.com.br\/\">aulas de Pilates em Caxias do Sul<\/a> entre em contato pelo Whats: <a href=\"https:\/\/api.whatsapp.com\/send?phone=5554996302385&amp;text=Ol%C3%A1%2C%20gostaria%20de%20mais%20informa%C3%A7%C3%B5es%20sobre%20os%20procedimentos.%20\">(54)996302385<\/a><\/p>\n<p><img loading=\"lazy\" decoding=\"async\" class=\"alignleft wp-image-433 size-full\" src=\"https:\/\/aisthesisestetica.com.br\/blog\/wp-content\/uploads\/2022\/12\/Principios-pilates.jpg\" alt=\"Pilates Emagrece\" width=\"1024\" height=\"723\" srcset=\"https:\/\/aisthesisestetica.com.br\/blog\/wp-content\/uploads\/2022\/12\/Principios-pilates.jpg 1024w, https:\/\/aisthesisestetica.com.br\/blog\/wp-content\/uploads\/2022\/12\/Principios-pilates-300x212.jpg 300w, https:\/\/aisthesisestetica.com.br\/blog\/wp-content\/uploads\/2022\/12\/Principios-pilates-768x542.jpg 768w\" sizes=\"auto, (max-width: 1024px) 100vw, 1024px\" \/><\/p>\n<div class=\"fb-background-color\">\n\t\t\t  <div \n\t\t\t  \tclass = \"fb-comments\" \n\t\t\t  \tdata-href = \"https:\/\/aisthesisestetica.com.br\/blog\/pilates-emagrece\/\"\n\t\t\t  \tdata-numposts = \"10\"\n\t\t\t  \tdata-lazy = \"true\"\n\t\t\t\tdata-colorscheme = \"light\"\n\t\t\t\tdata-order-by = \"social\"\n\t\t\t\tdata-mobile=true>\n\t\t\t  <\/div><\/div>\n\t\t  <style>\n\t\t    .fb-background-color {\n\t\t\t\tbackground:  !important;\n\t\t\t}\n\t\t\t.fb_iframe_widget_fluid_desktop iframe {\n\t\t\t    width: 100% !important;\n\t\t\t}\n\t\t  <\/style>\n\t\t  ","protected":false},"excerpt":{"rendered":"<p>O Pilates \u00e9 uma atividade f\u00edsica que oferece v\u00e1rios benef\u00edcios para o corpo e a mente. Ele ajuda a melhorar a for\u00e7a muscular, flexibilidade, postura e reduzir o estresse. Tamb\u00e9m pode ajudar a reduzir dores e tens\u00f5es, melhorar a respira\u00e7\u00e3o e a qualidade do sono, e aumentar a consci\u00eancia corporal. O Pilates \u00e9 uma atividade de baixo impacto que se concentra no controle corporal e respira\u00e7\u00e3o, com exerc\u00edcios lentos e focados em grupos musculares espec\u00edficos. Praticar Pilates regularmente pode levar a uma melhora significativa da sa\u00fade f\u00edsica e mental.<\/p>\n","protected":false},"author":4,"featured_media":430,"comment_status":"open","ping_status":"open","sticky":false,"template":"","format":"standard","meta":{"footnotes":""},"categories":[119],"tags":[121,123,120,124,122],"class_list":{"0":"entry","1":"post","2":"publish","3":"author-dani","4":"has-excerpt","5":"post-424","7":"format-standard","8":"has-post-thumbnail","9":"category-pilates","10":"post_tag-joseph-pilates","11":"post_tag-obejtivos-do-pilates","12":"post_tag-pilates","13":"post_tag-pilates-emagrece","14":"post_tag-principios-do-pilates","15":"pilates"},"yoast_head":"<!-- This site is optimized with the Yoast SEO plugin v23.1 - https:\/\/yoast.com\/wordpress\/plugins\/seo\/ -->\n<title>Pilates Emagrece? Saiba tudo sobre esse exerc\u00edcio para corpo e mente<\/title>\n<meta name=\"description\" content=\"Pilates Emagrece? Descubra os benef\u00edcios do Pilates para o seu corpo e mente. Melhore for\u00e7a, flexibilidade, postura e reduza o estresse. Clique e leia mais.\" \/>\n<meta name=\"robots\" content=\"index, follow, max-snippet:-1, max-image-preview:large, max-video-preview:-1\" \/>\n<link rel=\"canonical\" href=\"https:\/\/aisthesisestetica.com.br\/blog\/pilates-emagrece\/\" \/>\n<meta property=\"og:locale\" content=\"pt_BR\" \/>\n<meta property=\"og:type\" content=\"article\" \/>\n<meta property=\"og:title\" content=\"Pilates Emagrece? Saiba tudo sobre esse exerc\u00edcio para corpo e mente\" \/>\n<meta property=\"og:description\" content=\"Pilates Emagrece? Descubra os benef\u00edcios do Pilates para o seu corpo e mente. Melhore for\u00e7a, flexibilidade, postura e reduza o estresse. Clique e leia mais.\" \/>\n<meta property=\"og:url\" content=\"https:\/\/aisthesisestetica.com.br\/blog\/pilates-emagrece\/\" \/>\n<meta property=\"og:site_name\" content=\"Blog sobre Est\u00e9tica Facial e Corporal - Aisth\u00e9sis\" \/>\n<meta property=\"article:publisher\" content=\"https:\/\/www.facebook.com\/estetica.aisthesis\" \/>\n<meta property=\"article:published_time\" content=\"2022-12-14T20:37:29+00:00\" \/>\n<meta property=\"article:modified_time\" content=\"2023-02-15T17:09:36+00:00\" \/>\n<meta property=\"og:image\" content=\"https:\/\/aisthesisestetica.com.br\/blog\/wp-content\/uploads\/2022\/12\/Pilates-reformer.jpg\" \/>\n\t<meta property=\"og:image:width\" content=\"680\" \/>\n\t<meta property=\"og:image:height\" content=\"453\" \/>\n\t<meta property=\"og:image:type\" content=\"image\/jpeg\" \/>\n<meta name=\"author\" content=\"Daniella Bassani\" \/>\n<meta name=\"twitter:card\" content=\"summary_large_image\" \/>\n<meta name=\"twitter:label1\" content=\"Escrito por\" \/>\n\t<meta name=\"twitter:data1\" content=\"Daniella Bassani\" \/>\n\t<meta name=\"twitter:label2\" content=\"Est. tempo de leitura\" \/>\n\t<meta name=\"twitter:data2\" content=\"5 minutos\" \/>\n<script type=\"application\/ld+json\" class=\"yoast-schema-graph\">{\"@context\":\"https:\/\/schema.org\",\"@graph\":[{\"@type\":\"Article\",\"@id\":\"https:\/\/aisthesisestetica.com.br\/blog\/pilates-emagrece\/#article\",\"isPartOf\":{\"@id\":\"https:\/\/aisthesisestetica.com.br\/blog\/pilates-emagrece\/\"},\"author\":{\"name\":\"Daniella Bassani\",\"@id\":\"https:\/\/aisthesisestetica.com.br\/blog\/#\/schema\/person\/fab2a6b1e3a2f740d0ccdf94ccd94e7d\"},\"headline\":\"Pilates &#8211; Alinhando Corpo e Mente\",\"datePublished\":\"2022-12-14T20:37:29+00:00\",\"dateModified\":\"2023-02-15T17:09:36+00:00\",\"mainEntityOfPage\":{\"@id\":\"https:\/\/aisthesisestetica.com.br\/blog\/pilates-emagrece\/\"},\"wordCount\":1094,\"commentCount\":0,\"publisher\":{\"@id\":\"https:\/\/aisthesisestetica.com.br\/blog\/#organization\"},\"image\":{\"@id\":\"https:\/\/aisthesisestetica.com.br\/blog\/pilates-emagrece\/#primaryimage\"},\"thumbnailUrl\":\"https:\/\/aisthesisestetica.com.br\/blog\/wp-content\/uploads\/2022\/12\/Pilates-reformer.jpg\",\"keywords\":[\"Joseph pilates\",\"obejtivos do pilates\",\"Pilates\",\"pilates emagrece\",\"princ\u00edpios do pilates\"],\"articleSection\":[\"Pilates\"],\"inLanguage\":\"pt-BR\",\"potentialAction\":[{\"@type\":\"CommentAction\",\"name\":\"Comment\",\"target\":[\"https:\/\/aisthesisestetica.com.br\/blog\/pilates-emagrece\/#respond\"]}]},{\"@type\":\"WebPage\",\"@id\":\"https:\/\/aisthesisestetica.com.br\/blog\/pilates-emagrece\/\",\"url\":\"https:\/\/aisthesisestetica.com.br\/blog\/pilates-emagrece\/\",\"name\":\"Pilates Emagrece? Saiba tudo sobre esse exerc\u00edcio para corpo e mente\",\"isPartOf\":{\"@id\":\"https:\/\/aisthesisestetica.com.br\/blog\/#website\"},\"primaryImageOfPage\":{\"@id\":\"https:\/\/aisthesisestetica.com.br\/blog\/pilates-emagrece\/#primaryimage\"},\"image\":{\"@id\":\"https:\/\/aisthesisestetica.com.br\/blog\/pilates-emagrece\/#primaryimage\"},\"thumbnailUrl\":\"https:\/\/aisthesisestetica.com.br\/blog\/wp-content\/uploads\/2022\/12\/Pilates-reformer.jpg\",\"datePublished\":\"2022-12-14T20:37:29+00:00\",\"dateModified\":\"2023-02-15T17:09:36+00:00\",\"description\":\"Pilates Emagrece? Descubra os benef\u00edcios do Pilates para o seu corpo e mente. Melhore for\u00e7a, flexibilidade, postura e reduza o estresse. Clique e leia mais.\",\"breadcrumb\":{\"@id\":\"https:\/\/aisthesisestetica.com.br\/blog\/pilates-emagrece\/#breadcrumb\"},\"inLanguage\":\"pt-BR\",\"potentialAction\":[{\"@type\":\"ReadAction\",\"target\":[\"https:\/\/aisthesisestetica.com.br\/blog\/pilates-emagrece\/\"]}]},{\"@type\":\"ImageObject\",\"inLanguage\":\"pt-BR\",\"@id\":\"https:\/\/aisthesisestetica.com.br\/blog\/pilates-emagrece\/#primaryimage\",\"url\":\"https:\/\/aisthesisestetica.com.br\/blog\/wp-content\/uploads\/2022\/12\/Pilates-reformer.jpg\",\"contentUrl\":\"https:\/\/aisthesisestetica.com.br\/blog\/wp-content\/uploads\/2022\/12\/Pilates-reformer.jpg\",\"width\":680,\"height\":453,\"caption\":\"Pilates Emagrece\"},{\"@type\":\"BreadcrumbList\",\"@id\":\"https:\/\/aisthesisestetica.com.br\/blog\/pilates-emagrece\/#breadcrumb\",\"itemListElement\":[{\"@type\":\"ListItem\",\"position\":1,\"name\":\"In\u00edcio\",\"item\":\"https:\/\/aisthesisestetica.com.br\/blog\/\"},{\"@type\":\"ListItem\",\"position\":2,\"name\":\"Pilates &#8211; Alinhando Corpo e Mente\"}]},{\"@type\":\"WebSite\",\"@id\":\"https:\/\/aisthesisestetica.com.br\/blog\/#website\",\"url\":\"https:\/\/aisthesisestetica.com.br\/blog\/\",\"name\":\"Blog sobre Est\u00e9tica Facial e Corporal - Aisth\u00e9sis\",\"description\":\"Tudo sobre Est\u00e9tica Facial e Corporal\",\"publisher\":{\"@id\":\"https:\/\/aisthesisestetica.com.br\/blog\/#organization\"},\"potentialAction\":[{\"@type\":\"SearchAction\",\"target\":{\"@type\":\"EntryPoint\",\"urlTemplate\":\"https:\/\/aisthesisestetica.com.br\/blog\/?s={search_term_string}\"},\"query-input\":\"required name=search_term_string\"}],\"inLanguage\":\"pt-BR\"},{\"@type\":\"Organization\",\"@id\":\"https:\/\/aisthesisestetica.com.br\/blog\/#organization\",\"name\":\"Aisth\u00e9sis Cl\u00ednica Est\u00e9tica e Pilates\",\"url\":\"https:\/\/aisthesisestetica.com.br\/blog\/\",\"logo\":{\"@type\":\"ImageObject\",\"inLanguage\":\"pt-BR\",\"@id\":\"https:\/\/aisthesisestetica.com.br\/blog\/#\/schema\/logo\/image\/\",\"url\":\"https:\/\/aisthesisestetica.com.br\/blog\/wp-content\/uploads\/2023\/03\/LOGO-OFICIAL-CLINICA-ESTETICA.png\",\"contentUrl\":\"https:\/\/aisthesisestetica.com.br\/blog\/wp-content\/uploads\/2023\/03\/LOGO-OFICIAL-CLINICA-ESTETICA.png\",\"width\":616,\"height\":441,\"caption\":\"Aisth\u00e9sis Cl\u00ednica Est\u00e9tica e Pilates\"},\"image\":{\"@id\":\"https:\/\/aisthesisestetica.com.br\/blog\/#\/schema\/logo\/image\/\"},\"sameAs\":[\"https:\/\/www.facebook.com\/estetica.aisthesis\",\"https:\/\/www.instagram.com\/aisthesis.estetica\/\"]},{\"@type\":\"Person\",\"@id\":\"https:\/\/aisthesisestetica.com.br\/blog\/#\/schema\/person\/fab2a6b1e3a2f740d0ccdf94ccd94e7d\",\"name\":\"Daniella Bassani\",\"image\":{\"@type\":\"ImageObject\",\"inLanguage\":\"pt-BR\",\"@id\":\"https:\/\/aisthesisestetica.com.br\/blog\/#\/schema\/person\/image\/\",\"url\":\"https:\/\/secure.gravatar.com\/avatar\/fb7d6892e93afc8bc4206d99236c392a387462744369cceeecec5df254315c70?s=96&d=mm&r=g\",\"contentUrl\":\"https:\/\/secure.gravatar.com\/avatar\/fb7d6892e93afc8bc4206d99236c392a387462744369cceeecec5df254315c70?s=96&d=mm&r=g\",\"caption\":\"Daniella Bassani\"},\"description\":\"Daniella Demossi Bassani \u00e9 Fisioterapeuta Graduada pela Universidade de Caxias do Sul. Possui p\u00f3s-gradua\u00e7\u00e3o em Fisioterapia Dermatofuncional pelo ISEPE e, tamb\u00e9m, em Fisioterapia Neurofuncional pela Faculdade Inspirar.\",\"sameAs\":[\"http:\/\/aisthesisestetica.com.br\"],\"url\":\"https:\/\/aisthesisestetica.com.br\/blog\/author\/dani\/\"}]}<\/script>\n<!-- \/ Yoast SEO plugin. -->","yoast_head_json":{"title":"Pilates Emagrece? Saiba tudo sobre esse exerc\u00edcio para corpo e mente","description":"Pilates Emagrece? Descubra os benef\u00edcios do Pilates para o seu corpo e mente. Melhore for\u00e7a, flexibilidade, postura e reduza o estresse. Clique e leia mais.","robots":{"index":"index","follow":"follow","max-snippet":"max-snippet:-1","max-image-preview":"max-image-preview:large","max-video-preview":"max-video-preview:-1"},"canonical":"https:\/\/aisthesisestetica.com.br\/blog\/pilates-emagrece\/","og_locale":"pt_BR","og_type":"article","og_title":"Pilates Emagrece? Saiba tudo sobre esse exerc\u00edcio para corpo e mente","og_description":"Pilates Emagrece? Descubra os benef\u00edcios do Pilates para o seu corpo e mente. Melhore for\u00e7a, flexibilidade, postura e reduza o estresse. Clique e leia mais.","og_url":"https:\/\/aisthesisestetica.com.br\/blog\/pilates-emagrece\/","og_site_name":"Blog sobre Est\u00e9tica Facial e Corporal - Aisth\u00e9sis","article_publisher":"https:\/\/www.facebook.com\/estetica.aisthesis","article_published_time":"2022-12-14T20:37:29+00:00","article_modified_time":"2023-02-15T17:09:36+00:00","og_image":[{"width":680,"height":453,"url":"https:\/\/aisthesisestetica.com.br\/blog\/wp-content\/uploads\/2022\/12\/Pilates-reformer.jpg","type":"image\/jpeg"}],"author":"Daniella Bassani","twitter_card":"summary_large_image","twitter_misc":{"Escrito por":"Daniella Bassani","Est. tempo de leitura":"5 minutos"},"schema":{"@context":"https:\/\/schema.org","@graph":[{"@type":"Article","@id":"https:\/\/aisthesisestetica.com.br\/blog\/pilates-emagrece\/#article","isPartOf":{"@id":"https:\/\/aisthesisestetica.com.br\/blog\/pilates-emagrece\/"},"author":{"name":"Daniella Bassani","@id":"https:\/\/aisthesisestetica.com.br\/blog\/#\/schema\/person\/fab2a6b1e3a2f740d0ccdf94ccd94e7d"},"headline":"Pilates &#8211; Alinhando Corpo e Mente","datePublished":"2022-12-14T20:37:29+00:00","dateModified":"2023-02-15T17:09:36+00:00","mainEntityOfPage":{"@id":"https:\/\/aisthesisestetica.com.br\/blog\/pilates-emagrece\/"},"wordCount":1094,"commentCount":0,"publisher":{"@id":"https:\/\/aisthesisestetica.com.br\/blog\/#organization"},"image":{"@id":"https:\/\/aisthesisestetica.com.br\/blog\/pilates-emagrece\/#primaryimage"},"thumbnailUrl":"https:\/\/aisthesisestetica.com.br\/blog\/wp-content\/uploads\/2022\/12\/Pilates-reformer.jpg","keywords":["Joseph pilates","obejtivos do pilates","Pilates","pilates emagrece","princ\u00edpios do pilates"],"articleSection":["Pilates"],"inLanguage":"pt-BR","potentialAction":[{"@type":"CommentAction","name":"Comment","target":["https:\/\/aisthesisestetica.com.br\/blog\/pilates-emagrece\/#respond"]}]},{"@type":"WebPage","@id":"https:\/\/aisthesisestetica.com.br\/blog\/pilates-emagrece\/","url":"https:\/\/aisthesisestetica.com.br\/blog\/pilates-emagrece\/","name":"Pilates Emagrece? Saiba tudo sobre esse exerc\u00edcio para corpo e mente","isPartOf":{"@id":"https:\/\/aisthesisestetica.com.br\/blog\/#website"},"primaryImageOfPage":{"@id":"https:\/\/aisthesisestetica.com.br\/blog\/pilates-emagrece\/#primaryimage"},"image":{"@id":"https:\/\/aisthesisestetica.com.br\/blog\/pilates-emagrece\/#primaryimage"},"thumbnailUrl":"https:\/\/aisthesisestetica.com.br\/blog\/wp-content\/uploads\/2022\/12\/Pilates-reformer.jpg","datePublished":"2022-12-14T20:37:29+00:00","dateModified":"2023-02-15T17:09:36+00:00","description":"Pilates Emagrece? Descubra os benef\u00edcios do Pilates para o seu corpo e mente. Melhore for\u00e7a, flexibilidade, postura e reduza o estresse. Clique e leia mais.","breadcrumb":{"@id":"https:\/\/aisthesisestetica.com.br\/blog\/pilates-emagrece\/#breadcrumb"},"inLanguage":"pt-BR","potentialAction":[{"@type":"ReadAction","target":["https:\/\/aisthesisestetica.com.br\/blog\/pilates-emagrece\/"]}]},{"@type":"ImageObject","inLanguage":"pt-BR","@id":"https:\/\/aisthesisestetica.com.br\/blog\/pilates-emagrece\/#primaryimage","url":"https:\/\/aisthesisestetica.com.br\/blog\/wp-content\/uploads\/2022\/12\/Pilates-reformer.jpg","contentUrl":"https:\/\/aisthesisestetica.com.br\/blog\/wp-content\/uploads\/2022\/12\/Pilates-reformer.jpg","width":680,"height":453,"caption":"Pilates Emagrece"},{"@type":"BreadcrumbList","@id":"https:\/\/aisthesisestetica.com.br\/blog\/pilates-emagrece\/#breadcrumb","itemListElement":[{"@type":"ListItem","position":1,"name":"In\u00edcio","item":"https:\/\/aisthesisestetica.com.br\/blog\/"},{"@type":"ListItem","position":2,"name":"Pilates &#8211; Alinhando Corpo e Mente"}]},{"@type":"WebSite","@id":"https:\/\/aisthesisestetica.com.br\/blog\/#website","url":"https:\/\/aisthesisestetica.com.br\/blog\/","name":"Blog sobre Est\u00e9tica Facial e Corporal - Aisth\u00e9sis","description":"Tudo sobre Est\u00e9tica Facial e Corporal","publisher":{"@id":"https:\/\/aisthesisestetica.com.br\/blog\/#organization"},"potentialAction":[{"@type":"SearchAction","target":{"@type":"EntryPoint","urlTemplate":"https:\/\/aisthesisestetica.com.br\/blog\/?s={search_term_string}"},"query-input":"required name=search_term_string"}],"inLanguage":"pt-BR"},{"@type":"Organization","@id":"https:\/\/aisthesisestetica.com.br\/blog\/#organization","name":"Aisth\u00e9sis Cl\u00ednica Est\u00e9tica e Pilates","url":"https:\/\/aisthesisestetica.com.br\/blog\/","logo":{"@type":"ImageObject","inLanguage":"pt-BR","@id":"https:\/\/aisthesisestetica.com.br\/blog\/#\/schema\/logo\/image\/","url":"https:\/\/aisthesisestetica.com.br\/blog\/wp-content\/uploads\/2023\/03\/LOGO-OFICIAL-CLINICA-ESTETICA.png","contentUrl":"https:\/\/aisthesisestetica.com.br\/blog\/wp-content\/uploads\/2023\/03\/LOGO-OFICIAL-CLINICA-ESTETICA.png","width":616,"height":441,"caption":"Aisth\u00e9sis Cl\u00ednica Est\u00e9tica e Pilates"},"image":{"@id":"https:\/\/aisthesisestetica.com.br\/blog\/#\/schema\/logo\/image\/"},"sameAs":["https:\/\/www.facebook.com\/estetica.aisthesis","https:\/\/www.instagram.com\/aisthesis.estetica\/"]},{"@type":"Person","@id":"https:\/\/aisthesisestetica.com.br\/blog\/#\/schema\/person\/fab2a6b1e3a2f740d0ccdf94ccd94e7d","name":"Daniella Bassani","image":{"@type":"ImageObject","inLanguage":"pt-BR","@id":"https:\/\/aisthesisestetica.com.br\/blog\/#\/schema\/person\/image\/","url":"https:\/\/secure.gravatar.com\/avatar\/fb7d6892e93afc8bc4206d99236c392a387462744369cceeecec5df254315c70?s=96&d=mm&r=g","contentUrl":"https:\/\/secure.gravatar.com\/avatar\/fb7d6892e93afc8bc4206d99236c392a387462744369cceeecec5df254315c70?s=96&d=mm&r=g","caption":"Daniella Bassani"},"description":"Daniella Demossi Bassani \u00e9 Fisioterapeuta Graduada pela Universidade de Caxias do Sul. Possui p\u00f3s-gradua\u00e7\u00e3o em Fisioterapia Dermatofuncional pelo ISEPE e, tamb\u00e9m, em Fisioterapia Neurofuncional pela Faculdade Inspirar.","sameAs":["http:\/\/aisthesisestetica.com.br"],"url":"https:\/\/aisthesisestetica.com.br\/blog\/author\/dani\/"}]}},"_links":{"self":[{"href":"https:\/\/aisthesisestetica.com.br\/blog\/wp-json\/wp\/v2\/posts\/424","targetHints":{"allow":["GET"]}}],"collection":[{"href":"https:\/\/aisthesisestetica.com.br\/blog\/wp-json\/wp\/v2\/posts"}],"about":[{"href":"https:\/\/aisthesisestetica.com.br\/blog\/wp-json\/wp\/v2\/types\/post"}],"author":[{"embeddable":true,"href":"https:\/\/aisthesisestetica.com.br\/blog\/wp-json\/wp\/v2\/users\/4"}],"replies":[{"embeddable":true,"href":"https:\/\/aisthesisestetica.com.br\/blog\/wp-json\/wp\/v2\/comments?post=424"}],"version-history":[{"count":11,"href":"https:\/\/aisthesisestetica.com.br\/blog\/wp-json\/wp\/v2\/posts\/424\/revisions"}],"predecessor-version":[{"id":483,"href":"https:\/\/aisthesisestetica.com.br\/blog\/wp-json\/wp\/v2\/posts\/424\/revisions\/483"}],"wp:featuredmedia":[{"embeddable":true,"href":"https:\/\/aisthesisestetica.com.br\/blog\/wp-json\/wp\/v2\/media\/430"}],"wp:attachment":[{"href":"https:\/\/aisthesisestetica.com.br\/blog\/wp-json\/wp\/v2\/media?parent=424"}],"wp:term":[{"taxonomy":"category","embeddable":true,"href":"https:\/\/aisthesisestetica.com.br\/blog\/wp-json\/wp\/v2\/categories?post=424"},{"taxonomy":"post_tag","embeddable":true,"href":"https:\/\/aisthesisestetica.com.br\/blog\/wp-json\/wp\/v2\/tags?post=424"}],"curies":[{"name":"wp","href":"https:\/\/api.w.org\/{rel}","templated":true}]}}